{"id":965,"date":"2023-01-14T14:21:59","date_gmt":"2023-01-14T14:21:59","guid":{"rendered":"https:\/\/www.theosofierotterdam.nl\/?p=965"},"modified":"2023-07-23T12:09:28","modified_gmt":"2023-07-23T12:09:28","slug":"wie-ben-ik","status":"publish","type":"post","link":"https:\/\/www.theosofierotterdam.nl\/index.php\/2023\/01\/14\/wie-ben-ik\/","title":{"rendered":"&#8216;WIE BEN IK &#8216;"},"content":{"rendered":"<p><span style=\"font-size: 14pt;\">Door Boudewijn Vos, 17-01-2023.<\/span><\/p>\n<p><span style=\"font-size: 14pt;\">Kees vroeg mij: <em>Boudewijn, wil je opschrijven wat je ons nu vertelde over <strong>\u2018Wie ben ik\u2019<\/strong><\/em>, dit tijdens de loge-zoomavond van 4 januari 2023 op het rondetafelgesprek van de Theosofische Vereniging te Rotterdam.<\/span><\/p>\n<p><span style=\"font-size: 14pt;\">Dit is mijn antwoord:<\/span><\/p>\n<p><span style=\"font-size: 14pt;\"><strong>\u201cWie ben ik\u201d <\/strong>houdt mij al erg lang bezig, maar ook \u201cwaar kom ik vandaan\u201d, \u201cwaar ga ik naar toe\u201d en \u201cwaarom ben ik hier op aarde\u201d. Het woordje<strong> IK<\/strong> wordt in deze tekst al veelvuldig gebruikt en geeft ook aan dat er meer moet zijn dan het stoffelijke. Ik is dus niet enkel het lichaam. Velen hebben wel eens gehoord over aura\u2019s en chakra\u2019s dat is niet fysiek. De auralagen, zeven in getal, zijn niet fysiek.<\/span><\/p>\n<p><!--more--><\/p>\n<p><span style=\"font-size: 14pt;\">De menselijke lichamen\/ auralagen bestaan uit:<\/span><\/p>\n<ol>\n<li><span style=\"font-size: 14pt;\">Fysiek lichaam met wortelchakra<\/span><\/li>\n<li><span style=\"font-size: 14pt;\">Emotionele lichaam met sacraal chakra<\/span><\/li>\n<li><span style=\"font-size: 14pt;\">Mentale lichaam met zonnevlechtchakra<\/span><\/li>\n<li><span style=\"font-size: 14pt;\">Astrale lichaam met hartchakra<\/span><\/li>\n<li><span style=\"font-size: 14pt;\">Etherisch causale lichaam met keelchakra<\/span><\/li>\n<li><span style=\"font-size: 14pt;\">Intu\u00eftieve lichaam met derde oog<\/span><\/li>\n<li><span style=\"font-size: 14pt;\">Spirituele lichaam met kroonchakra<\/span><\/li>\n<\/ol>\n<p><span style=\"font-size: 14pt;\">De chakra\u2019s zijn gekoppeld aan de betreffende lichamen. Alle lichamen doen ervaringen op en wisselen die dan uit met de ziel, die we werkelijk zijn. Je leert hierdoor lessen.<\/span><\/p>\n<p><span style=\"font-size: 14pt;\">Naast het fysieke lichaam maken de andere subtiele lichamen ook deel uit van <strong>\u201cwie ben ik\u201d<\/strong>. Alles bij elkaar is het complex. Er is nog veel meer uitleg nodig om een volledig antwoord te geven en hoe het functioneert.<\/span><\/p>\n<p><span style=\"font-size: 14pt;\">Een voorbeeld:<br \/>\n<\/span><span style=\"font-size: 14pt;\">Chakra\u2019s kun je zien als een kleine soort energiekolk-fabriekjes die levensenergie (Pr\u00e4\u0146a) doorgeven aan het fysieke lichaam. Pr\u00e4\u0146a is net zo nodig als eten en drinken voor het fysieke lichaam.<\/span><\/p>\n<p><span style=\"font-size: 14pt;\">Zo zijn er vele begrippen die antwoord geven en verband houden met \u201cWie ben ik\u201d, zoals:<\/span><\/p>\n<ul>\n<li><span style=\"font-size: 14pt;\">Yoga, zorgt voor balans<\/span><\/li>\n<li><span style=\"font-size: 14pt;\">Asana\u2019s, lichaamshoudingen<\/span><\/li>\n<li><span style=\"font-size: 14pt;\">Pranayama, beheersing van de ademhaling<\/span><\/li>\n<li><span style=\"font-size: 14pt;\">Enz.<\/span><\/li>\n<\/ul>\n<p><span style=\"font-size: 14pt;\">Deze lijst is lang en zeer verrijkend.<\/span><\/p>\n","protected":false},"excerpt":{"rendered":"<p>Door Boudewijn Vos, 17-01-2023. Kees vroeg mij: Boudewijn, wil je opschrijven wat je ons nu vertelde over \u2018Wie ben ik\u2019, dit tijdens de loge-zoomavond van 4 januari 2023 op het rondetafelgesprek van de Theosofische Vereniging te Rotterdam. Dit is mijn antwoord: \u201cWie ben ik\u201d houdt mij al erg lang bezig, maar ook \u201cwaar kom ik&hellip;<\/p>\n","protected":false},"author":1,"featured_media":496,"comment_status":"closed","ping_status":"closed","sticky":false,"template":"","format":"standard","meta":{"footnotes":""},"categories":[1],"tags":[],"class_list":["post-965","post","type-post","status-publish","format-standard","has-post-thumbnail","hentry","category-uncategorized"],"_links":{"self":[{"href":"https:\/\/www.theosofierotterdam.nl\/index.php\/wp-json\/wp\/v2\/posts\/965","targetHints":{"allow":["GET"]}}],"collection":[{"href":"https:\/\/www.theosofierotterdam.nl\/index.php\/wp-json\/wp\/v2\/posts"}],"about":[{"href":"https:\/\/www.theosofierotterdam.nl\/index.php\/wp-json\/wp\/v2\/types\/post"}],"author":[{"embeddable":true,"href":"https:\/\/www.theosofierotterdam.nl\/index.php\/wp-json\/wp\/v2\/users\/1"}],"replies":[{"embeddable":true,"href":"https:\/\/www.theosofierotterdam.nl\/index.php\/wp-json\/wp\/v2\/comments?post=965"}],"version-history":[{"count":5,"href":"https:\/\/www.theosofierotterdam.nl\/index.php\/wp-json\/wp\/v2\/posts\/965\/revisions"}],"predecessor-version":[{"id":1033,"href":"https:\/\/www.theosofierotterdam.nl\/index.php\/wp-json\/wp\/v2\/posts\/965\/revisions\/1033"}],"wp:featuredmedia":[{"embeddable":true,"href":"https:\/\/www.theosofierotterdam.nl\/index.php\/wp-json\/wp\/v2\/media\/496"}],"wp:attachment":[{"href":"https:\/\/www.theosofierotterdam.nl\/index.php\/wp-json\/wp\/v2\/media?parent=965"}],"wp:term":[{"taxonomy":"category","embeddable":true,"href":"https:\/\/www.theosofierotterdam.nl\/index.php\/wp-json\/wp\/v2\/categories?post=965"},{"taxonomy":"post_tag","embeddable":true,"href":"https:\/\/www.theosofierotterdam.nl\/index.php\/wp-json\/wp\/v2\/tags?post=965"}],"curies":[{"name":"wp","href":"https:\/\/api.w.org\/{rel}","templated":true}]}}